{"id":2203,"date":"2021-02-23T21:26:08","date_gmt":"2021-02-23T21:26:08","guid":{"rendered":"https:\/\/ireturn.se\/?p=2203"},"modified":"2021-02-25T08:18:30","modified_gmt":"2021-02-25T08:18:30","slug":"elin-lagerroos-och-alltidtillsammans-se","status":"publish","type":"post","link":"https:\/\/ireturn.se\/en\/elin-lagerroos-och-alltidtillsammans-se\/","title":{"rendered":"IRETURN i nytt samarbete med Alltidtillsammans \u2661"},"content":{"rendered":"<div data-elementor-type=\"wp-post\" data-elementor-id=\"2203\" class=\"elementor elementor-2203\" data-elementor-post-type=\"post\">\n\t\t\t\t\t\t<section class=\"elementor-section elementor-top-section elementor-element elementor-element-c1a3f6d elementor-reverse-mobile elementor-section-boxed elementor-section-height-default elementor-section-height-default\" data-id=\"c1a3f6d\" data-element_type=\"section\">\n\t\t\t\t\t\t<div class=\"elementor-container elementor-column-gap-default\">\n\t\t\t\t\t<div class=\"elementor-column elementor-col-50 elementor-top-column elementor-element elementor-element-fd85846\" data-id=\"fd85846\" data-element_type=\"column\">\n\t\t\t<div class=\"elementor-widget-wrap elementor-element-populated\">\n\t\t\t\t\t\t<div class=\"elementor-element elementor-element-450dbef elementor-widget elementor-widget-image\" data-id=\"450dbef\" data-element_type=\"widget\" data-widget_type=\"image.default\">\n\t\t\t\t<div class=\"elementor-widget-container\">\n\t\t\t\t\t\t\t\t\t\t\t\t\t\t\t<img fetchpriority=\"high\" decoding=\"async\" width=\"768\" height=\"1024\" src=\"https:\/\/ireturn.se\/wp-content\/uploads\/2021\/02\/Elin-768x1024.jpg\" class=\"attachment-large size-large wp-image-2229\" alt=\"\" srcset=\"https:\/\/ireturn.se\/wp-content\/uploads\/2021\/02\/Elin-768x1024.jpg 768w, https:\/\/ireturn.se\/wp-content\/uploads\/2021\/02\/Elin-225x300.jpg 225w, https:\/\/ireturn.se\/wp-content\/uploads\/2021\/02\/Elin-1152x1536.jpg 1152w, https:\/\/ireturn.se\/wp-content\/uploads\/2021\/02\/Elin-1536x2048.jpg 1536w, https:\/\/ireturn.se\/wp-content\/uploads\/2021\/02\/Elin-9x12.jpg 9w, https:\/\/ireturn.se\/wp-content\/uploads\/2021\/02\/Elin-scaled.jpg 1920w\" sizes=\"(max-width: 768px) 100vw, 768px\" \/>\t\t\t\t\t\t\t\t\t\t\t\t\t\t\t<\/div>\n\t\t\t\t<\/div>\n\t\t\t\t<div class=\"elementor-element elementor-element-eb88f9d elementor-widget elementor-widget-heading\" data-id=\"eb88f9d\" data-element_type=\"widget\" data-widget_type=\"heading.default\">\n\t\t\t\t<div class=\"elementor-widget-container\">\n\t\t\t\t\t<h2 class=\"elementor-heading-title elementor-size-default\">Elin Lagerroos, grundare till Alltidtillsammans<\/h2>\t\t\t\t<\/div>\n\t\t\t\t<\/div>\n\t\t\t\t\t<\/div>\n\t\t<\/div>\n\t\t\t\t<div class=\"elementor-column elementor-col-50 elementor-top-column elementor-element elementor-element-2abaad7\" data-id=\"2abaad7\" data-element_type=\"column\">\n\t\t\t<div class=\"elementor-widget-wrap elementor-element-populated\">\n\t\t\t\t\t\t<div class=\"elementor-element elementor-element-3153116 elementor-widget elementor-widget-text-editor\" data-id=\"3153116\" data-element_type=\"widget\" data-widget_type=\"text-editor.default\">\n\t\t\t\t<div class=\"elementor-widget-container\">\n\t\t\t\t\t\t\t\t\t<p>Yeey, vi har roliga nyheter! \ud83d\ude0d<\/p><p>IRETURN har b\u00f6rjat samarbeta med <a href=\"https:\/\/alltidtillsammans.se\/\" target=\"_blank\" rel=\"noopener\">Alltidtillsammans<\/a>, en samlingsplats f\u00f6r kunskap, tips och verktyg relaterat till psykisk oh\u00e4lsa. D\u00e4r kan du hitta aktuella artiklar inom allt som r\u00f6r den psykiska h\u00e4lsan samt intervjuer med forskare och experter inom \u00e4mnet. Hemsidan riktar sig till dig som upplever, eller \u00e4r anh\u00f6rig till n\u00e5gon som upplever, psykisk oh\u00e4lsa.<\/p><p>H\u00e4r delar grundare Elin Lagerroos med sig av sin egen ber\u00e4ttelse om varf\u00f6r hon startade Alltidtillsammans \u2661<\/p>\t\t\t\t\t\t\t\t<\/div>\n\t\t\t\t<\/div>\n\t\t\t\t\t<\/div>\n\t\t<\/div>\n\t\t\t\t\t<\/div>\n\t\t<\/section>\n\t\t\t\t<section class=\"elementor-section elementor-top-section elementor-element elementor-element-ea91bf6 elementor-section-boxed elementor-section-height-default elementor-section-height-default\" data-id=\"ea91bf6\" data-element_type=\"section\">\n\t\t\t\t\t\t<div class=\"elementor-container elementor-column-gap-default\">\n\t\t\t\t\t<div class=\"elementor-column elementor-col-100 elementor-top-column elementor-element elementor-element-69c4f4d\" data-id=\"69c4f4d\" data-element_type=\"column\">\n\t\t\t<div class=\"elementor-widget-wrap elementor-element-populated\">\n\t\t\t\t\t\t<div class=\"elementor-element elementor-element-13cb928 elementor-widget elementor-widget-text-editor\" data-id=\"13cb928\" data-element_type=\"widget\" data-widget_type=\"text-editor.default\">\n\t\t\t\t<div class=\"elementor-widget-container\">\n\t\t\t\t\t\t\t\t\t<p>Mitt v\u00e4lm\u00e5ende betyder mycket f\u00f6r mig. Jag prioriterar mig. Jag g\u00f6r saker som f\u00e5r mig att m\u00e5 bra. Jag omger mig med m\u00e4nniskor som finns d\u00e4r, lyfter mig, ger mig energi och hj\u00e4lper mig utvecklas.<\/p>\n<p>Jag \u00e4r idag selektiv hur jag vill spendera min tid och med vilka. Ju \u00e4ldre jag har blivit har jag f\u00e5tt mer sj\u00e4lvrespekt och behandlar mig sj\u00e4lv med mer k\u00e4rlek. Kvalit\u00e9 framf\u00f6r kvantitet. N\u00e4r jag tillgodosett mina egna behov finns det s\u00e5 enormt mycket mer \u00f6ver f\u00f6r min omgivning.<\/p>\n<p><b>Men s\u00e5 har det inte alltid varit.<\/b><\/p>\n<p>Tidigare var jag inte en person som stannade upp, lyssnade p\u00e5 kroppen eller mig sj\u00e4lv. Jag tittade inte p\u00e5 mitt eget v\u00e4lm\u00e5ende. Jag \u201dhade inte tid\u201d. Jag k\u00f6rde bara p\u00e5, mer och mer. Men sanningen var att jag inte visste hur eller f\u00f6rstod de enorma v\u00e4rdet i det.<\/p>\n<p>S\u00e5 l\u00e4nge jag kan komma ih\u00e5g har jag alltid t\u00e4nkt &#8211; jag m\u00e5r bra, jag \u00e4r bra, jag kan det h\u00e4r! S\u00e5 l\u00e4nge jag kan ta hand om andra m\u00e4nniskor, l\u00f6sa situationer och finnas d\u00e4r f\u00f6r dem, ta lasten och erbjuda ett lugnande st\u00f6d, s\u00e5 m\u00e5r jag bra. Jag \u00e4r ju bra. Vilket \u00e4r n\u00e5got jag alltid har gjort och utan tvekan kommer att forts\u00e4tta att g\u00f6ra.<\/p>\n<p>Men om jag \u00e4r 100% \u00e4rlig hade jag aldrig &#8221;m\u00e5tt d\u00e5ligt&#8221; innan och aldrig sl\u00e4ngt en tanke eller gjort n\u00e5got f\u00f6r mitt mentala m\u00e5ende.&nbsp;Jag f\u00f6rlorade min pappa 2016. Min farmor 2018 och min mamma och styvpappa f\u00f6rsvann ur mitt liv 2019. 4 viktiga personer p\u00e5 3 \u00e5r.<\/p>\n<p>De tv\u00e5 sistn\u00e4mnde f\u00f6rsvann l\u00e5ngsamt n\u00e4r jag f\u00f6ll som h\u00e5rdast och utan f\u00f6rst\u00e5else och st\u00f6d f\u00f6r mitt d\u00e5varande m\u00e5ende. Det blev mitt f\u00f6rsta egoistiska beslut, att d\u00e4r och d\u00e5 var den relationen inte hj\u00e4lpsam f\u00f6r mig i min v\u00e4g fram\u00e5t. St\u00f6det som jag var i s\u00e5 stort behov utav d\u00e4r och d\u00e5 fanns inte.<\/p>\n<p>Det \u00e4r viktigt att omringa oss med personer som vill ens b\u00e4sta, i alla l\u00e4gen &#8211; men speciellt n\u00e4r vi tappar oss sj\u00e4lva.<\/p>\n<p>Jag \u00e4lskar n\u00e4r jag har kontroll och har alltid varit r\u00e4dd att tappa den. Kontrollen \u00f6ver VEM jag \u00e4r.<br>\nF\u00f6r jag \u00e4r ju ingen person som m\u00e5r d\u00e5ligt? Det intalade jag mig sj\u00e4lv fr\u00e5n 0-26 \u00e5rs \u00e5lder. Jag \u00e4r idag 29 \u00e5r.<\/p>\n<p><b>Molnet drev \u00f6ver mig 2018.<\/b> Det jag s\u00e5 l\u00e4nge tryckt undan kom \u00f6ver mig. Och jag tappade fotf\u00e4stet. Jag f\u00f6ll djupt i mig sj\u00e4lv. Jag m\u00e5dde skit och de fick man ju inte g\u00f6ra? Jag var ju grym, b\u00e4st och sjukt sj\u00e4lvst\u00e4ndig. Jag drev bolag, gjorde karri\u00e4r och hade en son att ta hand om. H\u00e4r stod jag, handfallen, utan kontroll \u00f6ver ett m\u00e5endet jag inte hade hanterat innan. Hur m\u00e5r man d\u00e5ligt?<\/p>\n<p>Jag har alltid t\u00e4nkt &#8211; mitt liv \u00e4r vardagligt, jag hade samma uppv\u00e4xt som alla andra. Men hade jag det? Vid min uppv\u00e4xt hade jag ett trasigt f\u00f6rh\u00e5llande med min pappa, som hastigt gick bort medan vi fortfarande var p\u00e5 de oj\u00e4mna villkoren i v\u00e5rt f\u00f6rh\u00e5llande. Jag s\u00e5g min pappa d\u00f6 framf\u00f6r mig. Jag hade av skuld och k\u00e4rlek f\u00f6rs\u00f6kt hj\u00e4lpa honom genom mitt liv. De f\u00f6rh\u00e5llande och saker som l\u00e4nge tyngt mig kom upp till ytan vid hans bortg\u00e5ng vilket resulterade i d\u00e5liga relationer som skulle sluta tragiskt eller helt enkelt vara d\u00f6mda fr\u00e5n b\u00f6rjan. Jag saktade inte ner utan v\u00e4xlade upp och begravde mig i arbete.<\/p>\n<p>Jag \u00e4r uppvuxen med att man alltid ska st\u00e5 p\u00e5 sig och s\u00e4ga vad man tycker men inte vad man k\u00e4nner.&nbsp;D\u00e4r sorgen f\u00f6r pappa aldrig hade en plats. Jag hade inte r\u00e4tt verktyg f\u00f6r att hantera min inre motg\u00e5ng. Fram\u00e5t kan jag &#8211; sj\u00e4lvf\u00f6rtroendet \u00e4r med mig.&nbsp;Men sj\u00e4lvk\u00e4nslan fanns inte. Plattan i mattan och gasen fram\u00e5t men bromsen fanns inte.<\/p>\n<p>Lyckligtvis kom jag tillbaka och hittade balans med min nuvarande f\u00e4stman Petter. Han har hj\u00e4lpt mig att bevisa mitt v\u00e4rde f\u00f6r mig sj\u00e4lv. Vilket \u00e4r fantastiskt och det st\u00f6d han ger. Jag har \u00f6vervunnit det v\u00e4rsta t\u00e4nkbara som h\u00e4nt i mitt liv s\u00e5 l\u00e5ngt och l\u00e4mnat mina djupaste s\u00e5r. Med en enorm l\u00e4rdom. Jag har l\u00e4rt mig att m\u00e5 d\u00e5ligt, jag m\u00e5r b\u00e4ttre, \u00e4r en b\u00e4ttre person, en b\u00e4ttre mamma, kollega och chef.<\/p>\n<p><b>Det b\u00e4sta som h\u00e4nde mig var att jag m\u00e5dde d\u00e5ligt. Det blev min v\u00e4ndning och min r\u00e4ddning.<\/b><\/p>\n<p>Med detta nu ute i det fria tror jag att det \u00e4r h\u00f6g tid att unders\u00f6ka s\u00e4tt att hantera oss sj\u00e4lva n\u00e4r vi m\u00e5r d\u00e5ligt. Att \u00f6vervinna dessa perioder n\u00e4r livet inte \u00e4r p\u00e5 den topp de en g\u00e5ng var. Att st\u00e4rka v\u00e5r psykiska h\u00e4lsa &amp; ta hand om den p\u00e5 samma s\u00e4tt som v\u00e5r fysiska h\u00e4lsa. Med r\u00e4tt kunskap och verktyg kan vi g\u00f6ra mycket f\u00f6r att hj\u00e4lpa oss sj\u00e4lva att m\u00e5 d\u00e5ligt, b\u00e4ttre och bra. Vi kan f\u00f6rebygga och hj\u00e4lpa andra som hamnar h\u00e4r.<\/p>\n<p>Det f\u00f6rsta steget n\u00e4r man m\u00e5r d\u00e5ligt \u00e4r att erk\u00e4nna det. Jag f\u00f6ll! Men jag kom tillbaka! Vad jag g\u00f6r nu \u00e4r att finnas d\u00e4r f\u00f6r alla som m\u00e5r d\u00e5ligt eller vill m\u00e5 b\u00e4ttre. Av olika anledningar.&nbsp;Vi hamnar i livskriser under v\u00e5r resa som kallas livet. Vi f\u00f6rlorar n\u00e5gon n\u00e4ra, vi separerar, vi blir utan jobb och vi \u00e4r med om saker vi aldrig trodde skulle h\u00e4nda just \u201doss\u201d.&nbsp;Det drabbar oss alla. Oavsett k\u00f6n, \u00e5lder, och vart vi befinner oss i karri\u00e4ren och livet.<\/p>\n<p>Hur hanterar vi kriser som vi aldrig varit i innan? Hur till\u00e5ter vi oss att m\u00e5 d\u00e5ligt &#8211; p\u00e5 ett bra s\u00e4tt?<br>\nF\u00f6r d\u00e5ligt beh\u00f6ver vi m\u00e5.&nbsp;Vi beh\u00f6ver acceptera dessa k\u00e4nslor och l\u00e4ra oss av dom och att t\u00e4nka om.<br>\nVi beh\u00f6ver prioritera oss sj\u00e4lva. F\u00f6rebyggande, hela tiden, varje dag.<\/p>\n<p>Jag \u00e4lskar fakta och saker jag kan g\u00f6ra sj\u00e4lv &#8211; f\u00f6r mig. P\u00e5 plattformen finns just det; kunskap, r\u00e5d och tips med verktyg som kan hj\u00e4lpa dig att bli en b\u00e4ttre version av dig sj\u00e4lv. Som hj\u00e4lper dig fram\u00e5t och upp\u00e5t till n\u00e4sta steg och niv\u00e5.<\/p>\n<p>En bloggplattform och forum d\u00e4r man kan dela med sig och skriva av sig f\u00f6r reflektion och l\u00e4rdom.<br>\nF\u00f6r normalisering och igenk\u00e4nning. Inom kort lanserar vi en webbshop d\u00e4r fokuset \u00e4r p\u00e5 v\u00e4lm\u00e5ende. D\u00e4r alla produkter ses som verktyg f\u00f6r att bli en b\u00e4ttre version av sig sj\u00e4lv.<\/p>\n<p>Jag s\u00f6kte kunskap och verktyg men fann det inte samlat p\u00e5 en enkelt s\u00e4tt. D\u00e5 startade jag <a href=\"https:\/\/alltidtillsammans.se\/\">Alltidtillsammans<\/a>. F\u00f6r att de ska vara enklare att m\u00e5 d\u00e5ligt och b\u00e4ttre. Och du ska aldrig beh\u00f6va k\u00e4nna dig onormal och ensam genom en motg\u00e5ng. Jag vill bryta stigmat kring att m\u00e5 d\u00e5ligt. Det \u00e4r inte svagt att m\u00e5 d\u00e5ligt utan &#8211; starkt. P\u00e5 v\u00e5r plattform kan du alltid k\u00e4nna dig \u201dtillsammans\u201d.<\/p>\n<p>N\u00e4r vi tar oss an sv\u00e5rare saker beh\u00f6ver vi ocks\u00e5 utvecklas med oss sj\u00e4lva, v\u00e5ra tankar och k\u00e4nslor.<br>\nSamh\u00e4llet utvecklas i en r\u00e5dande fart. V\u00e5rt mentala har inte hunnit med. Vi letar faror fr\u00e5n v\u00e5r \u00f6verlevnads instinkt likt grottm\u00e4nniskor p\u00e5 savannen. Vi ser problemen men inte l\u00f6sningarna.<br>\nVi beh\u00f6ver s\u00f6ka mer svar och mer l\u00f6sningar. Mer utveckling. Vi g\u00e5r fram\u00e5t.<\/p>\n<p><b>Hur m\u00e5r du d\u00e5ligt? Hur blir du en b\u00e4ttre version av dig sj\u00e4lv?<\/b><\/p>\t\t\t\t\t\t\t\t<\/div>\n\t\t\t\t<\/div>\n\t\t\t\t<section class=\"elementor-section elementor-inner-section elementor-element elementor-element-833d496 elementor-section-boxed elementor-section-height-default elementor-section-height-default\" data-id=\"833d496\" data-element_type=\"section\" data-settings=\"{&quot;background_background&quot;:&quot;classic&quot;}\">\n\t\t\t\t\t\t<div class=\"elementor-container elementor-column-gap-default\">\n\t\t\t\t\t<div class=\"elementor-column elementor-col-100 elementor-inner-column elementor-element elementor-element-da80af4\" data-id=\"da80af4\" data-element_type=\"column\">\n\t\t\t<div class=\"elementor-widget-wrap elementor-element-populated\">\n\t\t\t\t\t\t<div class=\"elementor-element elementor-element-ecadbac elementor-view-default elementor-widget elementor-widget-icon\" data-id=\"ecadbac\" data-element_type=\"widget\" data-widget_type=\"icon.default\">\n\t\t\t\t<div class=\"elementor-widget-container\">\n\t\t\t\t\t\t\t<div class=\"elementor-icon-wrapper\">\n\t\t\t<div class=\"elementor-icon\">\n\t\t\t<i aria-hidden=\"true\" class=\"bestfreebie  ion-md-heart-empty\"><\/i>\t\t\t<\/div>\n\t\t<\/div>\n\t\t\t\t\t\t<\/div>\n\t\t\t\t<\/div>\n\t\t\t\t<div class=\"elementor-element elementor-element-e3c2e99 elementor-widget elementor-widget-heading\" data-id=\"e3c2e99\" data-element_type=\"widget\" data-widget_type=\"heading.default\">\n\t\t\t\t<div class=\"elementor-widget-container\">\n\t\t\t\t\t<h2 class=\"elementor-heading-title elementor-size-default\">F\u00f6lj oss p\u00e5 sociala medier f\u00f6r att inte missa sp\u00e4nnande nyheter med v\u00e5rt nya samarbete!<\/h2>\t\t\t\t<\/div>\n\t\t\t\t<\/div>\n\t\t\t\t<div class=\"elementor-element elementor-element-135840d elementor-shape-rounded elementor-grid-0 e-grid-align-center elementor-widget elementor-widget-social-icons\" data-id=\"135840d\" data-element_type=\"widget\" data-widget_type=\"social-icons.default\">\n\t\t\t\t<div class=\"elementor-widget-container\">\n\t\t\t\t\t\t\t<div class=\"elementor-social-icons-wrapper elementor-grid\" role=\"list\">\n\t\t\t\t\t\t\t<span class=\"elementor-grid-item\" role=\"listitem\">\n\t\t\t\t\t<a class=\"elementor-icon elementor-social-icon elementor-social-icon-facebook elementor-repeater-item-1837f25\" href=\"https:\/\/www.facebook.com\/ireturn.nordic\/\" target=\"_blank\">\n\t\t\t\t\t\t<span class=\"elementor-screen-only\">Facebook<\/span>\n\t\t\t\t\t\t<i aria-hidden=\"true\" class=\"fab fa-facebook\"><\/i>\t\t\t\t\t<\/a>\n\t\t\t\t<\/span>\n\t\t\t\t\t\t\t<span class=\"elementor-grid-item\" role=\"listitem\">\n\t\t\t\t\t<a class=\"elementor-icon elementor-social-icon elementor-social-icon-linkedin elementor-repeater-item-a4d6e35\" href=\"https:\/\/www.linkedin.com\/company\/ireturn-nordic\/\" target=\"_blank\">\n\t\t\t\t\t\t<span class=\"elementor-screen-only\">Linkedin<\/span>\n\t\t\t\t\t\t<i aria-hidden=\"true\" class=\"fab fa-linkedin\"><\/i>\t\t\t\t\t<\/a>\n\t\t\t\t<\/span>\n\t\t\t\t\t\t\t<span class=\"elementor-grid-item\" role=\"listitem\">\n\t\t\t\t\t<a class=\"elementor-icon elementor-social-icon elementor-social-icon-instagram elementor-repeater-item-7e68918\" href=\"https:\/\/www.instagram.com\/ireturn.nordic\/\" target=\"_blank\">\n\t\t\t\t\t\t<span class=\"elementor-screen-only\">Instagram<\/span>\n\t\t\t\t\t\t<i aria-hidden=\"true\" class=\"fab fa-instagram\"><\/i>\t\t\t\t\t<\/a>\n\t\t\t\t<\/span>\n\t\t\t\t\t<\/div>\n\t\t\t\t\t\t<\/div>\n\t\t\t\t<\/div>\n\t\t\t\t\t<\/div>\n\t\t<\/div>\n\t\t\t\t\t<\/div>\n\t\t<\/section>\n\t\t\t\t\t<\/div>\n\t\t<\/div>\n\t\t\t\t\t<\/div>\n\t\t<\/section>\n\t\t\t\t<\/div>","protected":false},"excerpt":{"rendered":"<p>IRETURN har b\u00f6rjat samarbeta med Alltidtillsammans, en samlingsplats f\u00f6r kunskap, tips och verktyg relaterat till psykisk oh\u00e4lsa. D\u00e4r kan du hitta aktuella artiklar inom allt som r\u00f6r den psykiska h\u00e4lsan samt intervjuer med forskare och experter inom \u00e4mnet. Hemsidan riktar sig till dig som upplever, eller \u00e4r anh\u00f6rig till n\u00e5gon som upplever, psykisk oh\u00e4lsa.<\/p>","protected":false},"author":7,"featured_media":2229,"comment_status":"open","ping_status":"closed","sticky":false,"template":"","format":"standard","meta":{"_acf_changed":false,"_exactmetrics_skip_tracking":false,"_exactmetrics_sitenote_active":false,"_exactmetrics_sitenote_note":"","_exactmetrics_sitenote_category":0,"site-sidebar-layout":"default","site-content-layout":"default","ast-site-content-layout":"default","site-content-style":"default","site-sidebar-style":"default","ast-global-header-display":"","ast-banner-title-visibility":"","ast-main-header-display":"","ast-hfb-above-header-display":"","ast-hfb-below-header-display":"","ast-hfb-mobile-header-display":"","site-post-title":"","ast-breadcrumbs-content":"","ast-featured-img":"","footer-sml-layout":"","ast-disable-related-posts":"","theme-transparent-header-meta":"default","adv-header-id-meta":"","stick-header-meta":"default","header-above-stick-meta":"","header-main-stick-meta":"","header-below-stick-meta":"","astra-migrate-meta-layouts":"default","ast-page-background-enabled":"default","ast-page-background-meta":{"desktop":{"background-color":"","background-image":"","background-repeat":"repeat","background-position":"center center","background-size":"auto","background-attachment":"scroll","background-type":"","background-media":"","overlay-type":"","overlay-color":"","overlay-opacity":"","overlay-gradient":""},"tablet":{"background-color":"","background-image":"","background-repeat":"repeat","background-position":"center center","background-size":"auto","background-attachment":"scroll","background-type":"","background-media":"","overlay-type":"","overlay-color":"","overlay-opacity":"","overlay-gradient":""},"mobile":{"background-color":"","background-image":"","background-repeat":"repeat","background-position":"center center","background-size":"auto","background-attachment":"scroll","background-type":"","background-media":"","overlay-type":"","overlay-color":"","overlay-opacity":"","overlay-gradient":""}},"ast-content-background-meta":{"desktop":{"background-color":"var(--ast-global-color-5)","background-image":"","background-repeat":"repeat","background-position":"center center","background-size":"auto","background-attachment":"scroll","background-type":"","background-media":"","overlay-type":"","overlay-color":"","overlay-opacity":"","overlay-gradient":""},"tablet":{"background-color":"var(--ast-global-color-5)","background-image":"","background-repeat":"repeat","background-position":"center center","background-size":"auto","background-attachment":"scroll","background-type":"","background-media":"","overlay-type":"","overlay-color":"","overlay-opacity":"","overlay-gradient":""},"mobile":{"background-color":"var(--ast-global-color-5)","background-image":"","background-repeat":"repeat","background-position":"center center","background-size":"auto","background-attachment":"scroll","background-type":"","background-media":"","overlay-type":"","overlay-color":"","overlay-opacity":"","overlay-gradient":""}},"footnotes":""},"categories":[36,16],"tags":[],"class_list":["post-2203","post","type-post","status-publish","format-standard","has-post-thumbnail","hentry","category-nyheter","category-stories"],"acf":[],"yoast_head":"<!-- This site is optimized with the Yoast SEO plugin v27.5 - https:\/\/yoast.com\/product\/yoast-seo-wordpress\/ -->\n<title>IRETURN i nytt samarbete med Alltidtillsammans \u2661 - IRETURN<\/title>\n<meta name=\"robots\" content=\"index, follow, max-snippet:-1, max-image-preview:large, max-video-preview:-1\" \/>\n<link rel=\"canonical\" href=\"https:\/\/ireturn.se\/en\/elin-lagerroos-och-alltidtillsammans-se\/\" \/>\n<meta property=\"og:locale\" content=\"en_GB\" \/>\n<meta property=\"og:type\" content=\"article\" \/>\n<meta property=\"og:title\" content=\"IRETURN i nytt samarbete med Alltidtillsammans \u2661 - IRETURN\" \/>\n<meta property=\"og:description\" content=\"IRETURN har b\u00f6rjat samarbeta med Alltidtillsammans, en samlingsplats f\u00f6r kunskap, tips och verktyg relaterat till psykisk oh\u00e4lsa. D\u00e4r kan du hitta aktuella artiklar inom allt som r\u00f6r den psykiska h\u00e4lsan samt intervjuer med forskare och experter inom \u00e4mnet. Hemsidan riktar sig till dig som upplever, eller \u00e4r anh\u00f6rig till n\u00e5gon som upplever, psykisk oh\u00e4lsa.\" \/>\n<meta property=\"og:url\" content=\"https:\/\/ireturn.se\/en\/elin-lagerroos-och-alltidtillsammans-se\/\" \/>\n<meta property=\"og:site_name\" content=\"IRETURN\" \/>\n<meta property=\"article:published_time\" content=\"2021-02-23T21:26:08+00:00\" \/>\n<meta property=\"article:modified_time\" content=\"2021-02-25T08:18:30+00:00\" \/>\n<meta property=\"og:image\" content=\"https:\/\/ireturn.se\/wp-content\/uploads\/2021\/02\/Elin-scaled.jpg\" \/>\n\t<meta property=\"og:image:width\" content=\"1920\" \/>\n\t<meta property=\"og:image:height\" content=\"2560\" \/>\n\t<meta property=\"og:image:type\" content=\"image\/jpeg\" \/>\n<meta name=\"author\" content=\"Mats Wernheim\" \/>\n<meta name=\"twitter:card\" content=\"summary_large_image\" \/>\n<meta name=\"twitter:label1\" content=\"Written by\" \/>\n\t<meta name=\"twitter:data1\" content=\"Mats Wernheim\" \/>\n\t<meta name=\"twitter:label2\" content=\"Estimated reading time\" \/>\n\t<meta name=\"twitter:data2\" content=\"6 minutes\" \/>\n<script type=\"application\/ld+json\" class=\"yoast-schema-graph\">{\"@context\":\"https:\\\/\\\/schema.org\",\"@graph\":[{\"@type\":\"Article\",\"@id\":\"https:\\\/\\\/ireturn.se\\\/en\\\/elin-lagerroos-och-alltidtillsammans-se\\\/#article\",\"isPartOf\":{\"@id\":\"https:\\\/\\\/ireturn.se\\\/en\\\/elin-lagerroos-och-alltidtillsammans-se\\\/\"},\"author\":{\"name\":\"Mats Wernheim\",\"@id\":\"https:\\\/\\\/ireturn.se\\\/#\\\/schema\\\/person\\\/7a6c387fb0a3592cad97b69d73452d3a\"},\"headline\":\"IRETURN i nytt samarbete med Alltidtillsammans \u2661\",\"datePublished\":\"2021-02-23T21:26:08+00:00\",\"dateModified\":\"2021-02-25T08:18:30+00:00\",\"mainEntityOfPage\":{\"@id\":\"https:\\\/\\\/ireturn.se\\\/en\\\/elin-lagerroos-och-alltidtillsammans-se\\\/\"},\"wordCount\":1551,\"commentCount\":0,\"image\":{\"@id\":\"https:\\\/\\\/ireturn.se\\\/en\\\/elin-lagerroos-och-alltidtillsammans-se\\\/#primaryimage\"},\"thumbnailUrl\":\"https:\\\/\\\/ireturn.se\\\/wp-content\\\/uploads\\\/2021\\\/02\\\/Elin-scaled.jpg\",\"articleSection\":[\"Nyheter\",\"Stories\"],\"inLanguage\":\"en-GB\",\"potentialAction\":[{\"@type\":\"CommentAction\",\"name\":\"Comment\",\"target\":[\"https:\\\/\\\/ireturn.se\\\/en\\\/elin-lagerroos-och-alltidtillsammans-se\\\/#respond\"]}]},{\"@type\":\"WebPage\",\"@id\":\"https:\\\/\\\/ireturn.se\\\/en\\\/elin-lagerroos-och-alltidtillsammans-se\\\/\",\"url\":\"https:\\\/\\\/ireturn.se\\\/en\\\/elin-lagerroos-och-alltidtillsammans-se\\\/\",\"name\":\"IRETURN i nytt samarbete med Alltidtillsammans \u2661 - IRETURN\",\"isPartOf\":{\"@id\":\"https:\\\/\\\/ireturn.se\\\/#website\"},\"primaryImageOfPage\":{\"@id\":\"https:\\\/\\\/ireturn.se\\\/en\\\/elin-lagerroos-och-alltidtillsammans-se\\\/#primaryimage\"},\"image\":{\"@id\":\"https:\\\/\\\/ireturn.se\\\/en\\\/elin-lagerroos-och-alltidtillsammans-se\\\/#primaryimage\"},\"thumbnailUrl\":\"https:\\\/\\\/ireturn.se\\\/wp-content\\\/uploads\\\/2021\\\/02\\\/Elin-scaled.jpg\",\"datePublished\":\"2021-02-23T21:26:08+00:00\",\"dateModified\":\"2021-02-25T08:18:30+00:00\",\"author\":{\"@id\":\"https:\\\/\\\/ireturn.se\\\/#\\\/schema\\\/person\\\/7a6c387fb0a3592cad97b69d73452d3a\"},\"breadcrumb\":{\"@id\":\"https:\\\/\\\/ireturn.se\\\/en\\\/elin-lagerroos-och-alltidtillsammans-se\\\/#breadcrumb\"},\"inLanguage\":\"en-GB\",\"potentialAction\":[{\"@type\":\"ReadAction\",\"target\":[\"https:\\\/\\\/ireturn.se\\\/en\\\/elin-lagerroos-och-alltidtillsammans-se\\\/\"]}]},{\"@type\":\"ImageObject\",\"inLanguage\":\"en-GB\",\"@id\":\"https:\\\/\\\/ireturn.se\\\/en\\\/elin-lagerroos-och-alltidtillsammans-se\\\/#primaryimage\",\"url\":\"https:\\\/\\\/ireturn.se\\\/wp-content\\\/uploads\\\/2021\\\/02\\\/Elin-scaled.jpg\",\"contentUrl\":\"https:\\\/\\\/ireturn.se\\\/wp-content\\\/uploads\\\/2021\\\/02\\\/Elin-scaled.jpg\",\"width\":1920,\"height\":2560},{\"@type\":\"BreadcrumbList\",\"@id\":\"https:\\\/\\\/ireturn.se\\\/en\\\/elin-lagerroos-och-alltidtillsammans-se\\\/#breadcrumb\",\"itemListElement\":[{\"@type\":\"ListItem\",\"position\":1,\"name\":\"Hem\",\"item\":\"https:\\\/\\\/ireturn.se\\\/\"},{\"@type\":\"ListItem\",\"position\":2,\"name\":\"IRETURN i nytt samarbete med Alltidtillsammans \u2661\"}]},{\"@type\":\"WebSite\",\"@id\":\"https:\\\/\\\/ireturn.se\\\/#website\",\"url\":\"https:\\\/\\\/ireturn.se\\\/\",\"name\":\"IRETURN\",\"description\":\"With passion for mental wellness\",\"potentialAction\":[{\"@type\":\"SearchAction\",\"target\":{\"@type\":\"EntryPoint\",\"urlTemplate\":\"https:\\\/\\\/ireturn.se\\\/?s={search_term_string}\"},\"query-input\":{\"@type\":\"PropertyValueSpecification\",\"valueRequired\":true,\"valueName\":\"search_term_string\"}}],\"inLanguage\":\"en-GB\"},{\"@type\":\"Person\",\"@id\":\"https:\\\/\\\/ireturn.se\\\/#\\\/schema\\\/person\\\/7a6c387fb0a3592cad97b69d73452d3a\",\"name\":\"Mats Wernheim\",\"image\":{\"@type\":\"ImageObject\",\"inLanguage\":\"en-GB\",\"@id\":\"https:\\\/\\\/secure.gravatar.com\\\/avatar\\\/9109ed7993734bce8a4fd7ce45fd76ee8608790e024ae80ea4a7ddd09e3af807?s=96&d=mm&r=g\",\"url\":\"https:\\\/\\\/secure.gravatar.com\\\/avatar\\\/9109ed7993734bce8a4fd7ce45fd76ee8608790e024ae80ea4a7ddd09e3af807?s=96&d=mm&r=g\",\"contentUrl\":\"https:\\\/\\\/secure.gravatar.com\\\/avatar\\\/9109ed7993734bce8a4fd7ce45fd76ee8608790e024ae80ea4a7ddd09e3af807?s=96&d=mm&r=g\",\"caption\":\"Mats Wernheim\"},\"url\":\"https:\\\/\\\/ireturn.se\\\/en\\\/author\\\/mats-wernheimvile-se\\\/\"}]}<\/script>\n<!-- \/ Yoast SEO plugin. -->","yoast_head_json":{"title":"IRETURN i nytt samarbete med Alltidtillsammans \u2661 - IRETURN","robots":{"index":"index","follow":"follow","max-snippet":"max-snippet:-1","max-image-preview":"max-image-preview:large","max-video-preview":"max-video-preview:-1"},"canonical":"https:\/\/ireturn.se\/en\/elin-lagerroos-och-alltidtillsammans-se\/","og_locale":"en_GB","og_type":"article","og_title":"IRETURN i nytt samarbete med Alltidtillsammans \u2661 - IRETURN","og_description":"IRETURN har b\u00f6rjat samarbeta med Alltidtillsammans, en samlingsplats f\u00f6r kunskap, tips och verktyg relaterat till psykisk oh\u00e4lsa. D\u00e4r kan du hitta aktuella artiklar inom allt som r\u00f6r den psykiska h\u00e4lsan samt intervjuer med forskare och experter inom \u00e4mnet. Hemsidan riktar sig till dig som upplever, eller \u00e4r anh\u00f6rig till n\u00e5gon som upplever, psykisk oh\u00e4lsa.","og_url":"https:\/\/ireturn.se\/en\/elin-lagerroos-och-alltidtillsammans-se\/","og_site_name":"IRETURN","article_published_time":"2021-02-23T21:26:08+00:00","article_modified_time":"2021-02-25T08:18:30+00:00","og_image":[{"width":1920,"height":2560,"url":"https:\/\/ireturn.se\/wp-content\/uploads\/2021\/02\/Elin-scaled.jpg","type":"image\/jpeg"}],"author":"Mats Wernheim","twitter_card":"summary_large_image","twitter_misc":{"Written by":"Mats Wernheim","Estimated reading time":"6 minutes"},"schema":{"@context":"https:\/\/schema.org","@graph":[{"@type":"Article","@id":"https:\/\/ireturn.se\/en\/elin-lagerroos-och-alltidtillsammans-se\/#article","isPartOf":{"@id":"https:\/\/ireturn.se\/en\/elin-lagerroos-och-alltidtillsammans-se\/"},"author":{"name":"Mats Wernheim","@id":"https:\/\/ireturn.se\/#\/schema\/person\/7a6c387fb0a3592cad97b69d73452d3a"},"headline":"IRETURN i nytt samarbete med Alltidtillsammans \u2661","datePublished":"2021-02-23T21:26:08+00:00","dateModified":"2021-02-25T08:18:30+00:00","mainEntityOfPage":{"@id":"https:\/\/ireturn.se\/en\/elin-lagerroos-och-alltidtillsammans-se\/"},"wordCount":1551,"commentCount":0,"image":{"@id":"https:\/\/ireturn.se\/en\/elin-lagerroos-och-alltidtillsammans-se\/#primaryimage"},"thumbnailUrl":"https:\/\/ireturn.se\/wp-content\/uploads\/2021\/02\/Elin-scaled.jpg","articleSection":["Nyheter","Stories"],"inLanguage":"en-GB","potentialAction":[{"@type":"CommentAction","name":"Comment","target":["https:\/\/ireturn.se\/en\/elin-lagerroos-och-alltidtillsammans-se\/#respond"]}]},{"@type":"WebPage","@id":"https:\/\/ireturn.se\/en\/elin-lagerroos-och-alltidtillsammans-se\/","url":"https:\/\/ireturn.se\/en\/elin-lagerroos-och-alltidtillsammans-se\/","name":"IRETURN i nytt samarbete med Alltidtillsammans \u2661 - IRETURN","isPartOf":{"@id":"https:\/\/ireturn.se\/#website"},"primaryImageOfPage":{"@id":"https:\/\/ireturn.se\/en\/elin-lagerroos-och-alltidtillsammans-se\/#primaryimage"},"image":{"@id":"https:\/\/ireturn.se\/en\/elin-lagerroos-och-alltidtillsammans-se\/#primaryimage"},"thumbnailUrl":"https:\/\/ireturn.se\/wp-content\/uploads\/2021\/02\/Elin-scaled.jpg","datePublished":"2021-02-23T21:26:08+00:00","dateModified":"2021-02-25T08:18:30+00:00","author":{"@id":"https:\/\/ireturn.se\/#\/schema\/person\/7a6c387fb0a3592cad97b69d73452d3a"},"breadcrumb":{"@id":"https:\/\/ireturn.se\/en\/elin-lagerroos-och-alltidtillsammans-se\/#breadcrumb"},"inLanguage":"en-GB","potentialAction":[{"@type":"ReadAction","target":["https:\/\/ireturn.se\/en\/elin-lagerroos-och-alltidtillsammans-se\/"]}]},{"@type":"ImageObject","inLanguage":"en-GB","@id":"https:\/\/ireturn.se\/en\/elin-lagerroos-och-alltidtillsammans-se\/#primaryimage","url":"https:\/\/ireturn.se\/wp-content\/uploads\/2021\/02\/Elin-scaled.jpg","contentUrl":"https:\/\/ireturn.se\/wp-content\/uploads\/2021\/02\/Elin-scaled.jpg","width":1920,"height":2560},{"@type":"BreadcrumbList","@id":"https:\/\/ireturn.se\/en\/elin-lagerroos-och-alltidtillsammans-se\/#breadcrumb","itemListElement":[{"@type":"ListItem","position":1,"name":"Hem","item":"https:\/\/ireturn.se\/"},{"@type":"ListItem","position":2,"name":"IRETURN i nytt samarbete med Alltidtillsammans \u2661"}]},{"@type":"WebSite","@id":"https:\/\/ireturn.se\/#website","url":"https:\/\/ireturn.se\/","name":"IRETURN","description":"With passion for mental wellness","potentialAction":[{"@type":"SearchAction","target":{"@type":"EntryPoint","urlTemplate":"https:\/\/ireturn.se\/?s={search_term_string}"},"query-input":{"@type":"PropertyValueSpecification","valueRequired":true,"valueName":"search_term_string"}}],"inLanguage":"en-GB"},{"@type":"Person","@id":"https:\/\/ireturn.se\/#\/schema\/person\/7a6c387fb0a3592cad97b69d73452d3a","name":"Mats Wernheim","image":{"@type":"ImageObject","inLanguage":"en-GB","@id":"https:\/\/secure.gravatar.com\/avatar\/9109ed7993734bce8a4fd7ce45fd76ee8608790e024ae80ea4a7ddd09e3af807?s=96&d=mm&r=g","url":"https:\/\/secure.gravatar.com\/avatar\/9109ed7993734bce8a4fd7ce45fd76ee8608790e024ae80ea4a7ddd09e3af807?s=96&d=mm&r=g","contentUrl":"https:\/\/secure.gravatar.com\/avatar\/9109ed7993734bce8a4fd7ce45fd76ee8608790e024ae80ea4a7ddd09e3af807?s=96&d=mm&r=g","caption":"Mats Wernheim"},"url":"https:\/\/ireturn.se\/en\/author\/mats-wernheimvile-se\/"}]}},"_links":{"self":[{"href":"https:\/\/ireturn.se\/en\/wp-json\/wp\/v2\/posts\/2203","targetHints":{"allow":["GET"]}}],"collection":[{"href":"https:\/\/ireturn.se\/en\/wp-json\/wp\/v2\/posts"}],"about":[{"href":"https:\/\/ireturn.se\/en\/wp-json\/wp\/v2\/types\/post"}],"author":[{"embeddable":true,"href":"https:\/\/ireturn.se\/en\/wp-json\/wp\/v2\/users\/7"}],"replies":[{"embeddable":true,"href":"https:\/\/ireturn.se\/en\/wp-json\/wp\/v2\/comments?post=2203"}],"version-history":[{"count":0,"href":"https:\/\/ireturn.se\/en\/wp-json\/wp\/v2\/posts\/2203\/revisions"}],"wp:featuredmedia":[{"embeddable":true,"href":"https:\/\/ireturn.se\/en\/wp-json\/wp\/v2\/media\/2229"}],"wp:attachment":[{"href":"https:\/\/ireturn.se\/en\/wp-json\/wp\/v2\/media?parent=2203"}],"wp:term":[{"taxonomy":"category","embeddable":true,"href":"https:\/\/ireturn.se\/en\/wp-json\/wp\/v2\/categories?post=2203"},{"taxonomy":"post_tag","embeddable":true,"href":"https:\/\/ireturn.se\/en\/wp-json\/wp\/v2\/tags?post=2203"}],"curies":[{"name":"wp","href":"https:\/\/api.w.org\/{rel}","templated":true}]}}